{"id":16366,"date":"2025-12-30T11:28:00","date_gmt":"2025-12-30T10:28:00","guid":{"rendered":"https:\/\/ra-juedemann.de\/markenrecht-die-klangmarke\/"},"modified":"2025-12-30T11:33:03","modified_gmt":"2025-12-30T10:33:03","slug":"markenrecht-die-klangmarke","status":"publish","type":"post","link":"https:\/\/ra-juedemann.de\/en\/markenrecht-die-klangmarke\/","title":{"rendered":"Trademarks &#8211; Sound Marks"},"content":{"rendered":"<h1>Sound marks<\/h1>\n<p>They have become an integral part of advertising: sounds that we automatically associate with the corresponding goods or services. Unlike normal image advertising, sounds affect our sense of hearing and thus strengthen our perception. Examples include the \u201cRicola\u201d jingle and the \u201cT\u00fcdeld\u00fcd\u00fc\u201d jingle used by Telekom. These sounds are already registered as sound marks with the German Patent and Trademark Office. Section 3 (1) of the German Trademark Act lists all signs that are eligible for trademark protection, including sound marks: \u201cAll signs, in particular [&#8230;] sounds [&#8230;] that are capable of distinguishing the goods or services of one company from those of other companies, can be protected as trademarks.\u201d The sound mark has replaced the audio mark.<\/p>\n<h2>What is permitted?<\/h2>\n<p>In principle, all perceptible sounds are eligible for registration, i.e., not only musical sounds, but also spoken or sung words and purely noiseless sound images. However, there are exceptions to every rule, meaning that absolute grounds for refusal must also be taken into account for sound marks. The best-known absolute ground for refusal is lack of distinctiveness (Section 8(2)(1) of the German Trademark Act (MarkenG)), i.e. if the sound is not capable of distinguishing the goods or services of one company from those of other companies. This also means that purely descriptive information is never eligible for protection (Section 8 (2) No. 2 MarkenG). This applies in all cases and to all types of trademarks. In the case of sound marks, for example, the simple meowing of a cat cannot be protected for cat food. However, there is another special case to consider with sound marks: sounds that are inevitably produced by the goods or services, i.e., that are necessary to achieve the technical effect, cannot be protected (Section 3 (2) No. 2 MarkenG). This excludes, for example, the technically unavoidable noise of a printer.<\/p>\n<h2>Presentation of your sound as an mp3 file OR graphically<\/h2>\n<p>In order to ensure that the application is formally correct, either a graphic representation in standard musical notation on paper\/JPEG file can be attached, \u00a7 11 (1), (2) MarkenV. Standard musical notation refers to a structured stave, i.e., with clef, note and rest symbols, and any necessary accidentals. Or, instead of the graphic method, a more contemporary approach: representation on a data carrier as an mp3 file. In this case, the graphic representation is no longer necessary. This is particularly practical for sounds that cannot necessarily be represented graphically.<\/p>\n<h2>\nAlternative (!) to the mp3 file: The graphic representation of your sound mark<\/h2>\n<p>If you still prefer the graphic representation, there are a few formalities to observe (Section 11 (3), Section 8 (2)-(6) MarkenV): Overlays or crossings-out that may be obstructive, as well as non-permanent color representations, are not permitted (Section 8 (2) MarkenV). The German Patent and Trademark Office has a form for the representation of the trademark, which must be enclosed with the application and on which the representation of the trademark must be printed or affixed. There are precise dimensions that must be adhered to for the representation: no smaller than 8 cm in width or 8 cm in height. Nothing else may be included in the field except, if necessary, the note \u201ctop\u201d to indicate the correct position (Section 8 (3), (5) MarkenV). If you do not wish to use this form, you must use A4 paper, in which case the area used for the representation must not be larger than 26.2 cm x 17 cm and also not smaller than 8 cm in width or 8 cm in height. This sheet must be printed on one side only, and a margin of at least 2.5 cm must be left at the top and left-hand edge of each sheet (Section 8 (4) MarkenV).<\/p>\n<p>Sound marks are the only type of trademark that are not perceived visually, which gives them a unique selling point and can greatly boost the marketing of your goods or services. We would be happy to advise and assist you with the registration process.<\/p>\n<p>Franziska Becker<\/p>\n<p><a href=\"https:\/\/ra-juedemann.de\/en\/\">J\u00fcdemann Rechtsanw\u00e4lte<\/a><\/p>\n","protected":false},"excerpt":{"rendered":"<p>Sound marks They have become an integral part of advertising: sounds that we automatically associate with the corresponding goods or services. Unlike normal image advertising, sounds affect our sense of hearing and thus strengthen our perception. Examples include the \u201cRicola\u201d jingle and the \u201cT\u00fcdeld\u00fcd\u00fc\u201d jingle used by Telekom. These sounds are already registered as sound [&hellip;]<\/p>\n","protected":false},"author":3,"featured_media":16365,"comment_status":"open","ping_status":"open","sticky":false,"template":"","format":"standard","meta":{"_et_pb_use_builder":"","_et_pb_old_content":"","_et_gb_content_width":"","footnotes":""},"categories":[2110],"tags":[],"class_list":["post-16366","post","type-post","status-publish","format-standard","has-post-thumbnail","hentry","category-markenrecht-en"],"yoast_head":"<!-- This site is optimized with the Yoast SEO plugin v27.5 - https:\/\/yoast.com\/product\/yoast-seo-wordpress\/ -->\n<title>Trademarks - Sound Marks - J\u00fcdemann Rechtsanw\u00e4lte<\/title>\n<meta name=\"description\" content=\"Rechtsanwalt J\u00fcdemann - Fachanwalt f\u00fcr Urheber- und Medienrecht, Fachanwalt f\u00fcr Strafrecht und zertifizierter Datenschutzbeauftragter.\" \/>\n<meta name=\"robots\" content=\"index, follow, max-snippet:-1, max-image-preview:large, max-video-preview:-1\" \/>\n<link rel=\"canonical\" href=\"https:\/\/ra-juedemann.de\/en\/markenrecht-die-klangmarke\/\" \/>\n<meta property=\"og:locale\" content=\"en_US\" \/>\n<meta property=\"og:type\" content=\"article\" \/>\n<meta property=\"og:title\" content=\"Trademarks - Sound Marks - J\u00fcdemann Rechtsanw\u00e4lte\" \/>\n<meta property=\"og:description\" content=\"Rechtsanwalt J\u00fcdemann - Fachanwalt f\u00fcr Urheber- und Medienrecht, Fachanwalt f\u00fcr Strafrecht und zertifizierter Datenschutzbeauftragter.\" \/>\n<meta property=\"og:url\" content=\"https:\/\/ra-juedemann.de\/en\/markenrecht-die-klangmarke\/\" \/>\n<meta property=\"og:site_name\" content=\"J\u00fcdemann Rechtsanw\u00e4lte\" \/>\n<meta property=\"article:published_time\" content=\"2025-12-30T10:28:00+00:00\" \/>\n<meta property=\"article:modified_time\" content=\"2025-12-30T10:33:03+00:00\" \/>\n<meta property=\"og:image\" content=\"https:\/\/ra-juedemann.de\/wp-content\/uploads\/2025\/12\/sound-mark.webp\" \/>\n\t<meta property=\"og:image:width\" content=\"1256\" \/>\n\t<meta property=\"og:image:height\" content=\"704\" \/>\n\t<meta property=\"og:image:type\" content=\"image\/webp\" \/>\n<meta name=\"author\" content=\"Kai J\u00fcdemann\" \/>\n<meta name=\"twitter:label1\" content=\"Written by\" \/>\n\t<meta name=\"twitter:data1\" content=\"Kai J\u00fcdemann\" \/>\n\t<meta name=\"twitter:label2\" content=\"Est. reading time\" \/>\n\t<meta name=\"twitter:data2\" content=\"4 minutes\" \/>\n<script type=\"application\/ld+json\" class=\"yoast-schema-graph\">{\"@context\":\"https:\\\/\\\/schema.org\",\"@graph\":[{\"@type\":\"Article\",\"@id\":\"https:\\\/\\\/ra-juedemann.de\\\/en\\\/markenrecht-die-klangmarke\\\/#article\",\"isPartOf\":{\"@id\":\"https:\\\/\\\/ra-juedemann.de\\\/en\\\/markenrecht-die-klangmarke\\\/\"},\"author\":{\"name\":\"Kai J\u00fcdemann\",\"@id\":\"https:\\\/\\\/ra-juedemann.de\\\/#\\\/schema\\\/person\\\/fb82ba0e71affd362330d8b90c8f24a6\"},\"headline\":\"Trademarks &#8211; Sound Marks\",\"datePublished\":\"2025-12-30T10:28:00+00:00\",\"dateModified\":\"2025-12-30T10:33:03+00:00\",\"mainEntityOfPage\":{\"@id\":\"https:\\\/\\\/ra-juedemann.de\\\/en\\\/markenrecht-die-klangmarke\\\/\"},\"wordCount\":652,\"commentCount\":0,\"publisher\":{\"@id\":\"https:\\\/\\\/ra-juedemann.de\\\/#organization\"},\"image\":{\"@id\":\"https:\\\/\\\/ra-juedemann.de\\\/en\\\/markenrecht-die-klangmarke\\\/#primaryimage\"},\"thumbnailUrl\":\"https:\\\/\\\/ra-juedemann.de\\\/wp-content\\\/uploads\\\/2025\\\/12\\\/sound-mark.webp\",\"articleSection\":[\"Markenrecht\"],\"inLanguage\":\"en-US\",\"potentialAction\":[{\"@type\":\"CommentAction\",\"name\":\"Comment\",\"target\":[\"https:\\\/\\\/ra-juedemann.de\\\/en\\\/markenrecht-die-klangmarke\\\/#respond\"]}]},{\"@type\":\"WebPage\",\"@id\":\"https:\\\/\\\/ra-juedemann.de\\\/en\\\/markenrecht-die-klangmarke\\\/\",\"url\":\"https:\\\/\\\/ra-juedemann.de\\\/en\\\/markenrecht-die-klangmarke\\\/\",\"name\":\"Trademarks - Sound Marks - J\u00fcdemann Rechtsanw\u00e4lte\",\"isPartOf\":{\"@id\":\"https:\\\/\\\/ra-juedemann.de\\\/#website\"},\"primaryImageOfPage\":{\"@id\":\"https:\\\/\\\/ra-juedemann.de\\\/en\\\/markenrecht-die-klangmarke\\\/#primaryimage\"},\"image\":{\"@id\":\"https:\\\/\\\/ra-juedemann.de\\\/en\\\/markenrecht-die-klangmarke\\\/#primaryimage\"},\"thumbnailUrl\":\"https:\\\/\\\/ra-juedemann.de\\\/wp-content\\\/uploads\\\/2025\\\/12\\\/sound-mark.webp\",\"datePublished\":\"2025-12-30T10:28:00+00:00\",\"dateModified\":\"2025-12-30T10:33:03+00:00\",\"description\":\"Rechtsanwalt J\u00fcdemann - Fachanwalt f\u00fcr Urheber- und Medienrecht, Fachanwalt f\u00fcr Strafrecht und zertifizierter Datenschutzbeauftragter.\",\"breadcrumb\":{\"@id\":\"https:\\\/\\\/ra-juedemann.de\\\/en\\\/markenrecht-die-klangmarke\\\/#breadcrumb\"},\"inLanguage\":\"en-US\",\"potentialAction\":[{\"@type\":\"ReadAction\",\"target\":[\"https:\\\/\\\/ra-juedemann.de\\\/en\\\/markenrecht-die-klangmarke\\\/\"]}]},{\"@type\":\"ImageObject\",\"inLanguage\":\"en-US\",\"@id\":\"https:\\\/\\\/ra-juedemann.de\\\/en\\\/markenrecht-die-klangmarke\\\/#primaryimage\",\"url\":\"https:\\\/\\\/ra-juedemann.de\\\/wp-content\\\/uploads\\\/2025\\\/12\\\/sound-mark.webp\",\"contentUrl\":\"https:\\\/\\\/ra-juedemann.de\\\/wp-content\\\/uploads\\\/2025\\\/12\\\/sound-mark.webp\",\"width\":1256,\"height\":704,\"caption\":\"klang marke\"},{\"@type\":\"BreadcrumbList\",\"@id\":\"https:\\\/\\\/ra-juedemann.de\\\/en\\\/markenrecht-die-klangmarke\\\/#breadcrumb\",\"itemListElement\":[{\"@type\":\"ListItem\",\"position\":1,\"name\":\"Home\",\"item\":\"https:\\\/\\\/ra-juedemann.de\\\/en\\\/\"},{\"@type\":\"ListItem\",\"position\":2,\"name\":\"Trademarks &#8211; Sound Marks\"}]},{\"@type\":\"WebSite\",\"@id\":\"https:\\\/\\\/ra-juedemann.de\\\/#website\",\"url\":\"https:\\\/\\\/ra-juedemann.de\\\/\",\"name\":\"J\u00fcdemann Rechtsanw\u00e4lte\",\"description\":\"Anwalt f\u00fcr Medien- und Urheberrecht in Berlin\",\"publisher\":{\"@id\":\"https:\\\/\\\/ra-juedemann.de\\\/#organization\"},\"potentialAction\":[{\"@type\":\"SearchAction\",\"target\":{\"@type\":\"EntryPoint\",\"urlTemplate\":\"https:\\\/\\\/ra-juedemann.de\\\/?s={search_term_string}\"},\"query-input\":{\"@type\":\"PropertyValueSpecification\",\"valueRequired\":true,\"valueName\":\"search_term_string\"}}],\"inLanguage\":\"en-US\"},{\"@type\":\"Organization\",\"@id\":\"https:\\\/\\\/ra-juedemann.de\\\/#organization\",\"name\":\"J\u00dcDEMANN RECHTSANW\u00c4LTE\",\"url\":\"https:\\\/\\\/ra-juedemann.de\\\/\",\"logo\":{\"@type\":\"ImageObject\",\"inLanguage\":\"en-US\",\"@id\":\"https:\\\/\\\/ra-juedemann.de\\\/#\\\/schema\\\/logo\\\/image\\\/\",\"url\":\"https:\\\/\\\/ra-juedemann.de\\\/wp-content\\\/uploads\\\/2019\\\/05\\\/IMG_7727.jpg\",\"contentUrl\":\"https:\\\/\\\/ra-juedemann.de\\\/wp-content\\\/uploads\\\/2019\\\/05\\\/IMG_7727.jpg\",\"width\":992,\"height\":768,\"caption\":\"J\u00dcDEMANN RECHTSANW\u00c4LTE\"},\"image\":{\"@id\":\"https:\\\/\\\/ra-juedemann.de\\\/#\\\/schema\\\/logo\\\/image\\\/\"}},{\"@type\":\"Person\",\"@id\":\"https:\\\/\\\/ra-juedemann.de\\\/#\\\/schema\\\/person\\\/fb82ba0e71affd362330d8b90c8f24a6\",\"name\":\"Kai J\u00fcdemann\",\"description\":\"Seit mehr als f\u00fcnfzehn Jahren ber\u00e4t Rechtsanwalt J\u00fcdemann Unternehmen und Einzelpersonen umfassend im Medienrecht, Urheberrecht, Internetrecht, im Foto- und Bildrecht, den Pers\u00f6nlichkeitsrechten, im Medien- und Presserecht, im Markenrecht und Wettbewerbsrecht. Ein weiterer Schwerpunkt liegt in der Beratung und Vertretung von Unternehmern und Personen im Strafrecht, insbesondere dem Wirtschaftsstrafrecht. Zu unserem Mandanten z\u00e4hlen Personen und Unternehmen aus dem Bereichen des Theaters und des Film- und Fernsehens, Verlage, Musiker, Labels, Modedesigner, Veranstalter, Gastronomie, Softwarehersteller, Vertreter der Konsumg\u00fcterbranche sowie Angeh\u00f6rige der Heilberufe (\u00c4rzte, Heilpraktiker, Apotheker). . .\",\"sameAs\":[\"https:\\\/\\\/ra-juedemann.de\"],\"url\":\"https:\\\/\\\/ra-juedemann.de\\\/en\\\/author\\\/kaiszugang\\\/\"}]}<\/script>\n<!-- \/ Yoast SEO plugin. -->","yoast_head_json":{"title":"Trademarks - Sound Marks - J\u00fcdemann Rechtsanw\u00e4lte","description":"Rechtsanwalt J\u00fcdemann - Fachanwalt f\u00fcr Urheber- und Medienrecht, Fachanwalt f\u00fcr Strafrecht und zertifizierter Datenschutzbeauftragter.","robots":{"index":"index","follow":"follow","max-snippet":"max-snippet:-1","max-image-preview":"max-image-preview:large","max-video-preview":"max-video-preview:-1"},"canonical":"https:\/\/ra-juedemann.de\/en\/markenrecht-die-klangmarke\/","og_locale":"en_US","og_type":"article","og_title":"Trademarks - Sound Marks - J\u00fcdemann Rechtsanw\u00e4lte","og_description":"Rechtsanwalt J\u00fcdemann - Fachanwalt f\u00fcr Urheber- und Medienrecht, Fachanwalt f\u00fcr Strafrecht und zertifizierter Datenschutzbeauftragter.","og_url":"https:\/\/ra-juedemann.de\/en\/markenrecht-die-klangmarke\/","og_site_name":"J\u00fcdemann Rechtsanw\u00e4lte","article_published_time":"2025-12-30T10:28:00+00:00","article_modified_time":"2025-12-30T10:33:03+00:00","og_image":[{"width":1256,"height":704,"url":"https:\/\/ra-juedemann.de\/wp-content\/uploads\/2025\/12\/sound-mark.webp","type":"image\/webp"}],"author":"Kai J\u00fcdemann","twitter_misc":{"Written by":"Kai J\u00fcdemann","Est. reading time":"4 minutes"},"schema":{"@context":"https:\/\/schema.org","@graph":[{"@type":"Article","@id":"https:\/\/ra-juedemann.de\/en\/markenrecht-die-klangmarke\/#article","isPartOf":{"@id":"https:\/\/ra-juedemann.de\/en\/markenrecht-die-klangmarke\/"},"author":{"name":"Kai J\u00fcdemann","@id":"https:\/\/ra-juedemann.de\/#\/schema\/person\/fb82ba0e71affd362330d8b90c8f24a6"},"headline":"Trademarks &#8211; Sound Marks","datePublished":"2025-12-30T10:28:00+00:00","dateModified":"2025-12-30T10:33:03+00:00","mainEntityOfPage":{"@id":"https:\/\/ra-juedemann.de\/en\/markenrecht-die-klangmarke\/"},"wordCount":652,"commentCount":0,"publisher":{"@id":"https:\/\/ra-juedemann.de\/#organization"},"image":{"@id":"https:\/\/ra-juedemann.de\/en\/markenrecht-die-klangmarke\/#primaryimage"},"thumbnailUrl":"https:\/\/ra-juedemann.de\/wp-content\/uploads\/2025\/12\/sound-mark.webp","articleSection":["Markenrecht"],"inLanguage":"en-US","potentialAction":[{"@type":"CommentAction","name":"Comment","target":["https:\/\/ra-juedemann.de\/en\/markenrecht-die-klangmarke\/#respond"]}]},{"@type":"WebPage","@id":"https:\/\/ra-juedemann.de\/en\/markenrecht-die-klangmarke\/","url":"https:\/\/ra-juedemann.de\/en\/markenrecht-die-klangmarke\/","name":"Trademarks - Sound Marks - J\u00fcdemann Rechtsanw\u00e4lte","isPartOf":{"@id":"https:\/\/ra-juedemann.de\/#website"},"primaryImageOfPage":{"@id":"https:\/\/ra-juedemann.de\/en\/markenrecht-die-klangmarke\/#primaryimage"},"image":{"@id":"https:\/\/ra-juedemann.de\/en\/markenrecht-die-klangmarke\/#primaryimage"},"thumbnailUrl":"https:\/\/ra-juedemann.de\/wp-content\/uploads\/2025\/12\/sound-mark.webp","datePublished":"2025-12-30T10:28:00+00:00","dateModified":"2025-12-30T10:33:03+00:00","description":"Rechtsanwalt J\u00fcdemann - Fachanwalt f\u00fcr Urheber- und Medienrecht, Fachanwalt f\u00fcr Strafrecht und zertifizierter Datenschutzbeauftragter.","breadcrumb":{"@id":"https:\/\/ra-juedemann.de\/en\/markenrecht-die-klangmarke\/#breadcrumb"},"inLanguage":"en-US","potentialAction":[{"@type":"ReadAction","target":["https:\/\/ra-juedemann.de\/en\/markenrecht-die-klangmarke\/"]}]},{"@type":"ImageObject","inLanguage":"en-US","@id":"https:\/\/ra-juedemann.de\/en\/markenrecht-die-klangmarke\/#primaryimage","url":"https:\/\/ra-juedemann.de\/wp-content\/uploads\/2025\/12\/sound-mark.webp","contentUrl":"https:\/\/ra-juedemann.de\/wp-content\/uploads\/2025\/12\/sound-mark.webp","width":1256,"height":704,"caption":"klang marke"},{"@type":"BreadcrumbList","@id":"https:\/\/ra-juedemann.de\/en\/markenrecht-die-klangmarke\/#breadcrumb","itemListElement":[{"@type":"ListItem","position":1,"name":"Home","item":"https:\/\/ra-juedemann.de\/en\/"},{"@type":"ListItem","position":2,"name":"Trademarks &#8211; Sound Marks"}]},{"@type":"WebSite","@id":"https:\/\/ra-juedemann.de\/#website","url":"https:\/\/ra-juedemann.de\/","name":"J\u00fcdemann Rechtsanw\u00e4lte","description":"Anwalt f\u00fcr Medien- und Urheberrecht in Berlin","publisher":{"@id":"https:\/\/ra-juedemann.de\/#organization"},"potentialAction":[{"@type":"SearchAction","target":{"@type":"EntryPoint","urlTemplate":"https:\/\/ra-juedemann.de\/?s={search_term_string}"},"query-input":{"@type":"PropertyValueSpecification","valueRequired":true,"valueName":"search_term_string"}}],"inLanguage":"en-US"},{"@type":"Organization","@id":"https:\/\/ra-juedemann.de\/#organization","name":"J\u00dcDEMANN RECHTSANW\u00c4LTE","url":"https:\/\/ra-juedemann.de\/","logo":{"@type":"ImageObject","inLanguage":"en-US","@id":"https:\/\/ra-juedemann.de\/#\/schema\/logo\/image\/","url":"https:\/\/ra-juedemann.de\/wp-content\/uploads\/2019\/05\/IMG_7727.jpg","contentUrl":"https:\/\/ra-juedemann.de\/wp-content\/uploads\/2019\/05\/IMG_7727.jpg","width":992,"height":768,"caption":"J\u00dcDEMANN RECHTSANW\u00c4LTE"},"image":{"@id":"https:\/\/ra-juedemann.de\/#\/schema\/logo\/image\/"}},{"@type":"Person","@id":"https:\/\/ra-juedemann.de\/#\/schema\/person\/fb82ba0e71affd362330d8b90c8f24a6","name":"Kai J\u00fcdemann","description":"Seit mehr als f\u00fcnfzehn Jahren ber\u00e4t Rechtsanwalt J\u00fcdemann Unternehmen und Einzelpersonen umfassend im Medienrecht, Urheberrecht, Internetrecht, im Foto- und Bildrecht, den Pers\u00f6nlichkeitsrechten, im Medien- und Presserecht, im Markenrecht und Wettbewerbsrecht. Ein weiterer Schwerpunkt liegt in der Beratung und Vertretung von Unternehmern und Personen im Strafrecht, insbesondere dem Wirtschaftsstrafrecht. Zu unserem Mandanten z\u00e4hlen Personen und Unternehmen aus dem Bereichen des Theaters und des Film- und Fernsehens, Verlage, Musiker, Labels, Modedesigner, Veranstalter, Gastronomie, Softwarehersteller, Vertreter der Konsumg\u00fcterbranche sowie Angeh\u00f6rige der Heilberufe (\u00c4rzte, Heilpraktiker, Apotheker). . .","sameAs":["https:\/\/ra-juedemann.de"],"url":"https:\/\/ra-juedemann.de\/en\/author\/kaiszugang\/"}]}},"jetpack_featured_media_url":"https:\/\/ra-juedemann.de\/wp-content\/uploads\/2025\/12\/sound-mark.webp","_links":{"self":[{"href":"https:\/\/ra-juedemann.de\/en\/wp-json\/wp\/v2\/posts\/16366","targetHints":{"allow":["GET"]}}],"collection":[{"href":"https:\/\/ra-juedemann.de\/en\/wp-json\/wp\/v2\/posts"}],"about":[{"href":"https:\/\/ra-juedemann.de\/en\/wp-json\/wp\/v2\/types\/post"}],"author":[{"embeddable":true,"href":"https:\/\/ra-juedemann.de\/en\/wp-json\/wp\/v2\/users\/3"}],"replies":[{"embeddable":true,"href":"https:\/\/ra-juedemann.de\/en\/wp-json\/wp\/v2\/comments?post=16366"}],"version-history":[{"count":2,"href":"https:\/\/ra-juedemann.de\/en\/wp-json\/wp\/v2\/posts\/16366\/revisions"}],"predecessor-version":[{"id":16368,"href":"https:\/\/ra-juedemann.de\/en\/wp-json\/wp\/v2\/posts\/16366\/revisions\/16368"}],"wp:featuredmedia":[{"embeddable":true,"href":"https:\/\/ra-juedemann.de\/en\/wp-json\/wp\/v2\/media\/16365"}],"wp:attachment":[{"href":"https:\/\/ra-juedemann.de\/en\/wp-json\/wp\/v2\/media?parent=16366"}],"wp:term":[{"taxonomy":"category","embeddable":true,"href":"https:\/\/ra-juedemann.de\/en\/wp-json\/wp\/v2\/categories?post=16366"},{"taxonomy":"post_tag","embeddable":true,"href":"https:\/\/ra-juedemann.de\/en\/wp-json\/wp\/v2\/tags?post=16366"}],"curies":[{"name":"wp","href":"https:\/\/api.w.org\/{rel}","templated":true}]}}